{"id":1052,"date":"2016-05-22T22:11:32","date_gmt":"2016-05-22T20:11:32","guid":{"rendered":"http:\/\/pila.fr\/wordpress\/?p=1052"},"modified":"2016-05-23T20:42:33","modified_gmt":"2016-05-23T18:42:33","slug":"macpro-2006-demontage-et-remplacement-des-ventilateurs-avant","status":"publish","type":"post","link":"https:\/\/pila.fr\/wordpress\/archives\/1052","title":{"rendered":"MacPro 2006 : D\u00e9montage et remplacement des ventilateurs avants"},"content":{"rendered":"<p style=\"text-align: justify;\">Je viens de mettre la main sur l&rsquo;une de ces fantastiques machines que sont les Mac Pro de premi\u00e8re g\u00e9n\u00e9ration d&rsquo;Apple, d\u00e9sign\u00e9s par l&rsquo;appellation \u00ab\u00a0Mac Pro 2006\u00a0\u00bb ou \u00ab\u00a0Mac Pro 1,1\u00a0\u00bb:<\/p>\n<div id=\"attachment_1053\" style=\"width: 500px\" class=\"wp-caption aligncenter\"><a href=\"http:\/\/pila.fr\/wordpress\/wp-content\/uploads\/DSC00677-2.jpg\" target=\"_blank\"><img loading=\"lazy\" decoding=\"async\" aria-describedby=\"caption-attachment-1053\" class=\"wp-image-1053\" src=\"http:\/\/pila.fr\/wordpress\/wp-content\/uploads\/DSC00677-2-300x225.jpg\" alt=\"Image Mac Pro 2006\" width=\"500\" height=\"375\" srcset=\"https:\/\/pila.fr\/wordpress\/wp-content\/uploads\/DSC00677-2-300x225.jpg 300w, https:\/\/pila.fr\/wordpress\/wp-content\/uploads\/DSC00677-2-768x576.jpg 768w, https:\/\/pila.fr\/wordpress\/wp-content\/uploads\/DSC00677-2-1024x768.jpg 1024w\" sizes=\"auto, (max-width: 500px) 100vw, 500px\" \/><\/a><p id=\"caption-attachment-1053\" class=\"wp-caption-text\">Avec son imposant chassis aluminium, c&rsquo;est clairement une belle machine !<\/p><\/div>\n<p style=\"text-align: justify;\">J&rsquo;ai obtenu celle-ci sur Leboncoin pour un prix d\u00e9risoire, mais il y a quelques probl\u00e8mes : l&rsquo;un des ventilateurs de la face avant est bloqu\u00e9, et cela a entrain\u00e9 la surchauffe ( et la mort pr\u00e9matur\u00e9e ) de la carte graphique.<\/p>\n<p style=\"text-align: justify;\">Heureusement, de par sa conception, le d\u00e9montage de cette machine est plut\u00f4t ais\u00e9. Cet article d\u00e9crit le remplacement de l&rsquo;unit\u00e9 de ventilateurs avant, ou \u00ab\u00a0front fan assembly\u00a0\u00bb :<\/p>\n<p><!--more--><\/p>\n<p style=\"text-align: justify;\">Tout d&rsquo;abord, il faut ouvrir la b\u00eate. Un levier sur la face arri\u00e8re permet de d\u00e9verrouiller le panneau lat\u00e9ral :<\/p>\n<div id=\"attachment_1055\" style=\"width: 500px\" class=\"wp-caption aligncenter\"><a href=\"http:\/\/pila.fr\/wordpress\/wp-content\/uploads\/DSC00628.jpg\" target=\"_blank\"><img loading=\"lazy\" decoding=\"async\" aria-describedby=\"caption-attachment-1055\" class=\"wp-image-1055\" src=\"http:\/\/pila.fr\/wordpress\/wp-content\/uploads\/DSC00628-300x225.jpg\" alt=\"Une fois le levier actionn\u00e9, le panneau lat\u00e9ral pivote librement sur sa base\" width=\"500\" height=\"375\" srcset=\"https:\/\/pila.fr\/wordpress\/wp-content\/uploads\/DSC00628-300x225.jpg 300w, https:\/\/pila.fr\/wordpress\/wp-content\/uploads\/DSC00628-768x576.jpg 768w, https:\/\/pila.fr\/wordpress\/wp-content\/uploads\/DSC00628-1024x768.jpg 1024w\" sizes=\"auto, (max-width: 500px) 100vw, 500px\" \/><\/a><p id=\"caption-attachment-1055\" class=\"wp-caption-text\">Une fois le levier actionn\u00e9, le panneau lat\u00e9ral pivote librement sur sa base<\/p><\/div>\n<p style=\"text-align: justify;\">Astuce, ce levier d\u00e9verrouille en m\u00eame temps les baies des disques durs !<\/p>\n<p style=\"text-align: justify;\">On d\u00e9couvre alors l&rsquo;agencement int\u00e9rieur, assez intelligent :<\/p>\n<div id=\"attachment_1057\" style=\"width: 500px\" class=\"wp-caption aligncenter\"><a href=\"http:\/\/pila.fr\/wordpress\/wp-content\/uploads\/DSC00674.jpg\" target=\"_blank\"><img loading=\"lazy\" decoding=\"async\" aria-describedby=\"caption-attachment-1057\" class=\"wp-image-1057\" src=\"http:\/\/pila.fr\/wordpress\/wp-content\/uploads\/DSC00674-300x225.jpg\" alt=\"Tout est bien ordonn\u00e9, et semble facilement accessible. C'est une machine qui a \u00e9t\u00e9 con\u00e7ue pour \u00eatre d\u00e9mont\u00e9e !\" width=\"500\" height=\"375\" srcset=\"https:\/\/pila.fr\/wordpress\/wp-content\/uploads\/DSC00674-300x225.jpg 300w, https:\/\/pila.fr\/wordpress\/wp-content\/uploads\/DSC00674-768x576.jpg 768w, https:\/\/pila.fr\/wordpress\/wp-content\/uploads\/DSC00674-1024x768.jpg 1024w\" sizes=\"auto, (max-width: 500px) 100vw, 500px\" \/><\/a><p id=\"caption-attachment-1057\" class=\"wp-caption-text\">Tout est bien ordonn\u00e9, et semble facilement accessible. C&rsquo;est une machine qui a \u00e9t\u00e9 con\u00e7ue pour \u00eatre d\u00e9mont\u00e9e !<\/p><\/div>\n<p style=\"text-align: justify;\">Les ventilateurs de la face avant sont contenus dans le bloc de plastique gris visible sur la gauche.<\/p>\n<p style=\"text-align: justify;\">Pour y acc\u00e9der, on commencer par retirer la carte graphique. Celle-ci (ainsi que l&rsquo;ensemble des cartes d&rsquo;extensions) est maintenue par une petite \u00e0 2 vis :<\/p>\n<div id=\"attachment_1059\" style=\"width: 500px\" class=\"wp-caption aligncenter\"><a href=\"http:\/\/pila.fr\/wordpress\/wp-content\/uploads\/DSC00671.jpg\" target=\"_blank\"><img loading=\"lazy\" decoding=\"async\" aria-describedby=\"caption-attachment-1059\" class=\"wp-image-1059\" src=\"http:\/\/pila.fr\/wordpress\/wp-content\/uploads\/DSC00671-300x225.jpg\" alt=\"Les cartes d'extension sont maintenues par 2 vis \u00e0 main\" width=\"500\" height=\"375\" srcset=\"https:\/\/pila.fr\/wordpress\/wp-content\/uploads\/DSC00671-300x225.jpg 300w, https:\/\/pila.fr\/wordpress\/wp-content\/uploads\/DSC00671-768x576.jpg 768w, https:\/\/pila.fr\/wordpress\/wp-content\/uploads\/DSC00671-1024x768.jpg 1024w\" sizes=\"auto, (max-width: 500px) 100vw, 500px\" \/><\/a><p id=\"caption-attachment-1059\" class=\"wp-caption-text\">Les cartes d&rsquo;extension sont maintenues par 2 vis \u00e0 main<\/p><\/div>\n<p style=\"text-align: justify;\">Une fois les 2 vis desserr\u00e9es, la petite plaque m\u00e9tallique maintenant les cartes se d\u00e9tache. Pour lib\u00e9rer la carte graphique, il suffit de d\u00e9gager la fixation du port pci-express en la soulevant (elle est masqu\u00e9e par le dissipateur du GPU, mais il suffit de prendre exemple sur les autres ports pci-express).<\/p>\n<p style=\"text-align: justify;\">Une fois la carte graphique extraite, il faut sortir les cartes RAM. L&rsquo;op\u00e9ration est facile, il suffit de les tirer par les trous pr\u00e9vus \u00e0 cet effet :<\/p>\n<div id=\"attachment_1061\" style=\"width: 500px\" class=\"wp-caption aligncenter\"><a href=\"http:\/\/pila.fr\/wordpress\/wp-content\/uploads\/DSC00678.jpg\" target=\"_blank\"><img loading=\"lazy\" decoding=\"async\" aria-describedby=\"caption-attachment-1061\" class=\"wp-image-1061\" src=\"http:\/\/pila.fr\/wordpress\/wp-content\/uploads\/DSC00678-300x225.jpg\" alt=\"Les cartes RAMs sont pourvues de trous facilitant leur extraction\" width=\"500\" height=\"375\" srcset=\"https:\/\/pila.fr\/wordpress\/wp-content\/uploads\/DSC00678-300x225.jpg 300w, https:\/\/pila.fr\/wordpress\/wp-content\/uploads\/DSC00678-768x576.jpg 768w, https:\/\/pila.fr\/wordpress\/wp-content\/uploads\/DSC00678-1024x768.jpg 1024w\" sizes=\"auto, (max-width: 500px) 100vw, 500px\" \/><\/a><p id=\"caption-attachment-1061\" class=\"wp-caption-text\">Les cartes RAMs sont pourvues de trous facilitant leur extraction<\/p><\/div>\n<p style=\"text-align: justify;\">Cela d\u00e9gage l&rsquo;acc\u00e8s aux vis maintenant en place le bloc supportant les cartes RAMs et le ventilateur arri\u00e8re. Celles-ci sont au nombre de 4 : il y en a 2 longues au fond et 2 courtes en bas :<\/p>\n<div id=\"attachment_1063\" style=\"width: 500px\" class=\"wp-caption aligncenter\"><a href=\"http:\/\/pila.fr\/wordpress\/wp-content\/uploads\/DSC00669vis.jpg\" target=\"_blank\"><img loading=\"lazy\" decoding=\"async\" aria-describedby=\"caption-attachment-1063\" class=\"wp-image-1063\" src=\"http:\/\/pila.fr\/wordpress\/wp-content\/uploads\/DSC00669vis-300x225.jpg\" alt=\"L'emplacement des 4 vis du bloc RAM\" width=\"500\" height=\"375\" srcset=\"https:\/\/pila.fr\/wordpress\/wp-content\/uploads\/DSC00669vis-300x225.jpg 300w, https:\/\/pila.fr\/wordpress\/wp-content\/uploads\/DSC00669vis-768x576.jpg 768w, https:\/\/pila.fr\/wordpress\/wp-content\/uploads\/DSC00669vis-1024x768.jpg 1024w\" sizes=\"auto, (max-width: 500px) 100vw, 500px\" \/><\/a><p id=\"caption-attachment-1063\" class=\"wp-caption-text\">L&#8217;emplacement des 4 vis du bloc RAM<\/p><\/div>\n<p style=\"text-align: justify;\">Une fois les vis retir\u00e9es, le bloc peut \u00eatre l\u00e9g\u00e8rement d\u00e9plac\u00e9. Suffisamment en tout cas, pour retirer le cache des dissipateurs CPUs. Celui-ci est maintenu par des clips plastique sur le bloc RAM et sur l&rsquo;unit\u00e9 de ventilation avant :<\/p>\n<div id=\"attachment_1064\" style=\"width: 500px\" class=\"wp-caption aligncenter\"><a href=\"http:\/\/pila.fr\/wordpress\/wp-content\/uploads\/DSC00661.jpg\" target=\"_blank\"><img loading=\"lazy\" decoding=\"async\" aria-describedby=\"caption-attachment-1064\" class=\"wp-image-1064\" src=\"http:\/\/pila.fr\/wordpress\/wp-content\/uploads\/DSC00661-300x225.jpg\" alt=\"DSC00661\" width=\"500\" height=\"375\" srcset=\"https:\/\/pila.fr\/wordpress\/wp-content\/uploads\/DSC00661-300x225.jpg 300w, https:\/\/pila.fr\/wordpress\/wp-content\/uploads\/DSC00661-768x576.jpg 768w, https:\/\/pila.fr\/wordpress\/wp-content\/uploads\/DSC00661-1024x768.jpg 1024w\" sizes=\"auto, (max-width: 500px) 100vw, 500px\" \/><\/a><p id=\"caption-attachment-1064\" class=\"wp-caption-text\">Le cache des dissipateurs CPU se retire gr\u00e2ce au jeu dans le bloc RAM<\/p><\/div>\n<p style=\"text-align: justify;\">C&rsquo;est \u00e9galement le moment de retirer les baies \u00e0 disques-durs 1 et 2, afin de d\u00e9gager l&rsquo;espace autour de l&rsquo;unit\u00e9 de ventilation avant :<\/p>\n<div id=\"attachment_1066\" style=\"width: 500px\" class=\"wp-caption aligncenter\"><a href=\"http:\/\/pila.fr\/wordpress\/wp-content\/uploads\/DSC00660.jpg\" target=\"_blank\"><img loading=\"lazy\" decoding=\"async\" aria-describedby=\"caption-attachment-1066\" class=\"wp-image-1066\" src=\"http:\/\/pila.fr\/wordpress\/wp-content\/uploads\/DSC00660-300x225.jpg\" alt=\"L'espace autour de l'unit\u00e9 de ventilation avant \u00e9tant lib\u00e9r\u00e9, on peut proc\u00e9der \u00e0 son extraction \" width=\"500\" height=\"375\" srcset=\"https:\/\/pila.fr\/wordpress\/wp-content\/uploads\/DSC00660-300x225.jpg 300w, https:\/\/pila.fr\/wordpress\/wp-content\/uploads\/DSC00660-768x576.jpg 768w, https:\/\/pila.fr\/wordpress\/wp-content\/uploads\/DSC00660-1024x768.jpg 1024w\" sizes=\"auto, (max-width: 500px) 100vw, 500px\" \/><\/a><p id=\"caption-attachment-1066\" class=\"wp-caption-text\">L&rsquo;espace autour de l&rsquo;unit\u00e9 de ventilation avant \u00e9tant lib\u00e9r\u00e9, on peut proc\u00e9der \u00e0 son extraction<\/p><\/div>\n<p style=\"text-align: justify;\">Sur mon mod\u00e8le, l&rsquo;unit\u00e9 de ventilation avant n&rsquo;est maintenu que par une vis a son extr\u00e9mit\u00e9 sup\u00e9rieure. \u00c9tant situ\u00e9e au niveau de la carte m\u00e8re, \u00e0 proximit\u00e9 de la carte WiFi, il faut un tournevis particuli\u00e8rement long pour l&rsquo;atteindre :<\/p>\n<div id=\"attachment_1067\" style=\"width: 500px\" class=\"wp-caption aligncenter\"><a href=\"http:\/\/pila.fr\/wordpress\/wp-content\/uploads\/DSC00666.jpg\" target=\"_blank\"><img loading=\"lazy\" decoding=\"async\" aria-describedby=\"caption-attachment-1067\" class=\"wp-image-1067\" src=\"http:\/\/pila.fr\/wordpress\/wp-content\/uploads\/DSC00666-300x225.jpg\" alt=\"L'emplacement de cette vis la rend particuli\u00e8rement difficile d'acc\u00e8s\" width=\"500\" height=\"375\" srcset=\"https:\/\/pila.fr\/wordpress\/wp-content\/uploads\/DSC00666-300x225.jpg 300w, https:\/\/pila.fr\/wordpress\/wp-content\/uploads\/DSC00666-768x576.jpg 768w, https:\/\/pila.fr\/wordpress\/wp-content\/uploads\/DSC00666-1024x768.jpg 1024w\" sizes=\"auto, (max-width: 500px) 100vw, 500px\" \/><\/a><p id=\"caption-attachment-1067\" class=\"wp-caption-text\">L&#8217;emplacement de cette vis la rend particuli\u00e8rement difficile d&rsquo;acc\u00e8s<\/p><\/div>\n<p style=\"text-align: justify;\">Il suffit d\u00e9sormais de tirer sur l&rsquo;unit\u00e9 de ventilation pour l&rsquo;extraire. Cela peut \u00eatre rendu compliqu\u00e9 par sa fixation inf\u00e9rieure : celle-ci est r\u00e9alis\u00e9e par un rail en plastique qui s&rsquo;oppose a tout mouvement, il faut alors jouer donner un peu de jeu \u00e0 l&rsquo;unit\u00e9, en la d\u00e9pla\u00e7ant l\u00e9g\u00e8rement de haut en bas, pour faciliter sont extraction, toujours en la maintenant parall\u00e8le \u00e0 la carte m\u00e8re. Si cela semble totalement bloqu\u00e9, c&rsquo;est normal, un peu de patience suffit \ud83d\ude09<\/p>\n<div id=\"attachment_1069\" style=\"width: 500px\" class=\"wp-caption aligncenter\"><a href=\"http:\/\/pila.fr\/wordpress\/wp-content\/uploads\/DSC00630.jpg\" target=\"_blank\"><img loading=\"lazy\" decoding=\"async\" aria-describedby=\"caption-attachment-1069\" class=\"wp-image-1069\" src=\"http:\/\/pila.fr\/wordpress\/wp-content\/uploads\/DSC00630-300x225.jpg\" alt=\"Le mac sans l'unit\u00e9 de ventilation. On peut voir le rail plastique qui assure sa fixation inf\u00e9rieure, et qui pose tant de difficult\u00e9 au d\u00e9montage\" width=\"500\" height=\"375\" srcset=\"https:\/\/pila.fr\/wordpress\/wp-content\/uploads\/DSC00630-300x225.jpg 300w, https:\/\/pila.fr\/wordpress\/wp-content\/uploads\/DSC00630-768x576.jpg 768w, https:\/\/pila.fr\/wordpress\/wp-content\/uploads\/DSC00630-1024x768.jpg 1024w\" sizes=\"auto, (max-width: 500px) 100vw, 500px\" \/><\/a><p id=\"caption-attachment-1069\" class=\"wp-caption-text\">Le mac sans l&rsquo;unit\u00e9 de ventilation. On peut voir le rail plastique qui assure sa fixation inf\u00e9rieure, et qui pose tant de difficult\u00e9 au d\u00e9montage<\/p><\/div>\n<p style=\"text-align: justify;\">Une fois l&rsquo;unit\u00e9 de ventilation extraite, j&rsquo;ai pu entamer son diagnostique.<\/p>\n<div id=\"attachment_1070\" style=\"width: 500px\" class=\"wp-caption aligncenter\"><a href=\"http:\/\/pila.fr\/wordpress\/wp-content\/uploads\/DSC00682.jpg\" target=\"_blank\"><img loading=\"lazy\" decoding=\"async\" aria-describedby=\"caption-attachment-1070\" class=\"wp-image-1070\" src=\"http:\/\/pila.fr\/wordpress\/wp-content\/uploads\/DSC00682-300x225.jpg\" alt=\"L'unit\u00e9 de ventilation extraite\" width=\"500\" height=\"375\" srcset=\"https:\/\/pila.fr\/wordpress\/wp-content\/uploads\/DSC00682-300x225.jpg 300w, https:\/\/pila.fr\/wordpress\/wp-content\/uploads\/DSC00682-768x576.jpg 768w, https:\/\/pila.fr\/wordpress\/wp-content\/uploads\/DSC00682-1024x768.jpg 1024w\" sizes=\"auto, (max-width: 500px) 100vw, 500px\" \/><\/a><p id=\"caption-attachment-1070\" class=\"wp-caption-text\">L&rsquo;unit\u00e9 de ventilation extraite<\/p><\/div>\n<p style=\"text-align: justify;\">Le ventilateur sup\u00e9rieur sup\u00e9rieur a du jeu, graisser le roulement n&rsquo;y change rien. J&rsquo;ai envisag\u00e9 de le remplacer par un autre mod\u00e8le, mais j&rsquo;ai cass\u00e9 les fixations en caoutchouc lors du d\u00e9montage. De plus, le brochage des ventilateurs n&rsquo;est pas standard, ni compatible avec le brochage habituel des ventilateurs 4 pins (<a href=\"http:\/\/www.tonymacx86.com\/threads\/macpro-fan-pinout.122584\/\">http:\/\/www.tonymacx86.com\/threads\/macpro-fan-pinout.122584\/<\/a>).<\/p>\n<p style=\"text-align: justify;\">J&rsquo;ai donc d\u00e9cid\u00e9 de remplacer l&rsquo;unit\u00e9 compl\u00e8te, qui s&rsquo;obtient sur le web pour une vingtaine d&rsquo;euros.<\/p>\n<p style=\"text-align: justify;\">Le remontage est assez facile, il suffit de tout r\u00e9assembler dans l&rsquo;ordre inverse. Seul le cache des dissipateurs CPU peut poser des difficult\u00e9s. Un conseil pour cette \u00e9tape, fixer d&rsquo;abord les clips cot\u00e9 bloc RAM, et ensuite seulement du cot\u00e9 avant. Ce n&rsquo;est que comme \u00e7a que j&rsquo;ai pu le remettre dans sa place d&rsquo;origine. Cela vaut \u00e9galement le coup de v\u00e9rifier si aucune des fixations n&rsquo;est tordue.<\/p>\n<p style=\"text-align: justify;\">Une fois l&rsquo;ensemble r\u00e9install\u00e9, les 2 ventilateurs avant tournent correctement, et ce dans un silence des plus satisfaisant !<\/p>\n<p style=\"text-align: justify;\">Comme annonc\u00e9 au d\u00e9but, on sent vraiment que ces machines ont \u00e9t\u00e9 con\u00e7ues pour \u00eatre d\u00e9mont\u00e9es et r\u00e9par\u00e9es, tout est assembl\u00e9 par unit\u00e9, et s&rsquo;ins\u00e8re relativement facilement. Cependant quelques points critiques inutilement compliqu\u00e9s (rail de l&rsquo;unit\u00e9 de ventilateur, s\u00e9paration du cache des dissipateurs CPU) auraient probablement pu \u00eatre \u00e9vit\u00e9s par l&#8217;emploi de vis&#8230; certes un peu au d\u00e9triment de l&rsquo;esth\u00e9tique \u00e9pur\u00e9e de cette machine.<\/p>\n","protected":false},"excerpt":{"rendered":"<p>Je viens de mettre la main sur l&rsquo;une de ces fantastiques machines que sont les Mac Pro de premi\u00e8re g\u00e9n\u00e9ration d&rsquo;Apple, d\u00e9sign\u00e9s par l&rsquo;appellation \u00ab\u00a0Mac Pro 2006\u00a0\u00bb ou \u00ab\u00a0Mac Pro 1,1\u00a0\u00bb: J&rsquo;ai obtenu celle-ci sur Leboncoin pour un prix d\u00e9risoire, mais il y a quelques probl\u00e8mes : l&rsquo;un des ventilateurs de la face avant est &hellip; <\/p>\n<p><a class=\"more-link btn\" href=\"https:\/\/pila.fr\/wordpress\/archives\/1052\">Lire la suite<\/a><\/p>\n","protected":false},"author":1,"featured_media":0,"comment_status":"open","ping_status":"open","sticky":false,"template":"","format":"standard","meta":{"footnotes":""},"categories":[116],"tags":[122,102,78,120,121],"class_list":["post-1052","post","type-post","status-publish","format-standard","hentry","category-reparation","tag-apple","tag-demontage","tag-depannage","tag-mac","tag-ventilateurs","item-wrap"],"_links":{"self":[{"href":"https:\/\/pila.fr\/wordpress\/wp-json\/wp\/v2\/posts\/1052","targetHints":{"allow":["GET"]}}],"collection":[{"href":"https:\/\/pila.fr\/wordpress\/wp-json\/wp\/v2\/posts"}],"about":[{"href":"https:\/\/pila.fr\/wordpress\/wp-json\/wp\/v2\/types\/post"}],"author":[{"embeddable":true,"href":"https:\/\/pila.fr\/wordpress\/wp-json\/wp\/v2\/users\/1"}],"replies":[{"embeddable":true,"href":"https:\/\/pila.fr\/wordpress\/wp-json\/wp\/v2\/comments?post=1052"}],"version-history":[{"count":13,"href":"https:\/\/pila.fr\/wordpress\/wp-json\/wp\/v2\/posts\/1052\/revisions"}],"predecessor-version":[{"id":1077,"href":"https:\/\/pila.fr\/wordpress\/wp-json\/wp\/v2\/posts\/1052\/revisions\/1077"}],"wp:attachment":[{"href":"https:\/\/pila.fr\/wordpress\/wp-json\/wp\/v2\/media?parent=1052"}],"wp:term":[{"taxonomy":"category","embeddable":true,"href":"https:\/\/pila.fr\/wordpress\/wp-json\/wp\/v2\/categories?post=1052"},{"taxonomy":"post_tag","embeddable":true,"href":"https:\/\/pila.fr\/wordpress\/wp-json\/wp\/v2\/tags?post=1052"}],"curies":[{"name":"wp","href":"https:\/\/api.w.org\/{rel}","templated":true}]}}